{"id":567,"date":"2015-05-12T06:11:55","date_gmt":"2015-05-12T06:11:55","guid":{"rendered":"http:\/\/umhsaludable.umh.es\/?p=567"},"modified":"2015-05-07T09:27:46","modified_gmt":"2015-05-07T09:27:46","slug":"dia-mundial-de-la-fibromialgia-y-del-sindrome-de-la-fatiga-cronica","status":"publish","type":"post","link":"https:\/\/umhsaludable.umh.es\/ca\/2015\/05\/12\/dia-mundial-de-la-fibromialgia-y-del-sindrome-de-la-fatiga-cronica\/","title":{"rendered":"D\u00eda Mundial de la Fibromialgia y del S\u00edndrome de la Fatiga Cr\u00f3nica"},"content":{"rendered":"<p class=\"qtranxs-available-languages-message qtranxs-available-languages-message-ca\">Ho sentim, aquesta entrada es troba disponible \u00fanicament en <a href=\"https:\/\/umhsaludable.umh.es\/es\/wp-json\/wp\/v2\/posts\/567\" class=\"qtranxs-available-language-link qtranxs-available-language-link-es\" title=\"Espa\u00f1ol\">Espanyol Europeu<\/a>.<\/p>","protected":false},"excerpt":{"rendered":"<p>Ho sentim, aquesta entrada es troba disponible \u00fanicament en Espanyol Europeu.<\/p>\n","protected":false},"author":3172,"featured_media":0,"comment_status":"closed","ping_status":"open","sticky":false,"template":"","format":"standard","meta":{"_links_to":"","_links_to_target":""},"categories":[21597,21598],"tags":[39194,42727,3081,42728],"_links":{"self":[{"href":"https:\/\/umhsaludable.umh.es\/ca\/wp-json\/wp\/v2\/posts\/567"}],"collection":[{"href":"https:\/\/umhsaludable.umh.es\/ca\/wp-json\/wp\/v2\/posts"}],"about":[{"href":"https:\/\/umhsaludable.umh.es\/ca\/wp-json\/wp\/v2\/types\/post"}],"author":[{"embeddable":true,"href":"https:\/\/umhsaludable.umh.es\/ca\/wp-json\/wp\/v2\/users\/3172"}],"replies":[{"embeddable":true,"href":"https:\/\/umhsaludable.umh.es\/ca\/wp-json\/wp\/v2\/comments?post=567"}],"version-history":[{"count":0,"href":"https:\/\/umhsaludable.umh.es\/ca\/wp-json\/wp\/v2\/posts\/567\/revisions"}],"wp:attachment":[{"href":"https:\/\/umhsaludable.umh.es\/ca\/wp-json\/wp\/v2\/media?parent=567"}],"wp:term":[{"taxonomy":"category","embeddable":true,"href":"https:\/\/umhsaludable.umh.es\/ca\/wp-json\/wp\/v2\/categories?post=567"},{"taxonomy":"post_tag","embeddable":true,"href":"https:\/\/umhsaludable.umh.es\/ca\/wp-json\/wp\/v2\/tags?post=567"}],"curies":[{"name":"wp","href":"https:\/\/api.w.org\/{rel}","templated":true}]}}