{"id":115,"date":"2014-05-30T07:42:16","date_gmt":"2014-05-30T07:42:16","guid":{"rendered":"http:\/\/umhsaludable.umh.es\/?p=115"},"modified":"2014-06-19T10:17:29","modified_gmt":"2014-06-19T10:17:29","slug":"animate-a-dejar-de-fumar-anadiras-anos-a-tu-vida-y-vida-a-tus-anos-31-de-mayo-dia-mundial-sin-tabaco-2","status":"publish","type":"post","link":"https:\/\/umhsaludable.umh.es\/en\/2014\/05\/30\/animate-a-dejar-de-fumar-anadiras-anos-a-tu-vida-y-vida-a-tus-anos-31-de-mayo-dia-mundial-sin-tabaco-2\/","title":{"rendered":"AN\u00cdMATE A DEJAR DE FUMAR, A\u00d1ADIR\u00c1S A\u00d1OS A TU VIDA Y VIDA A TUS A\u00d1OS. 31 de mayo D\u00eda Mundial Sin Tabaco"},"content":{"rendered":"<p class=\"qtranxs-available-languages-message qtranxs-available-languages-message-en\">Sorry, this entry is only available in <a href=\"https:\/\/umhsaludable.umh.es\/es\/wp-json\/wp\/v2\/posts\/115\" class=\"qtranxs-available-language-link qtranxs-available-language-link-es\" title=\"Espa\u00f1ol\">European Spanish<\/a>.<\/p>","protected":false},"excerpt":{"rendered":"<p>Sorry, this entry is only available in European Spanish.<\/p>\n","protected":false},"author":3031,"featured_media":0,"comment_status":"closed","ping_status":"open","sticky":false,"template":"","format":"standard","meta":{"_links_to":"","_links_to_target":""},"categories":[21597,21598,21586],"tags":[],"_links":{"self":[{"href":"https:\/\/umhsaludable.umh.es\/en\/wp-json\/wp\/v2\/posts\/115"}],"collection":[{"href":"https:\/\/umhsaludable.umh.es\/en\/wp-json\/wp\/v2\/posts"}],"about":[{"href":"https:\/\/umhsaludable.umh.es\/en\/wp-json\/wp\/v2\/types\/post"}],"author":[{"embeddable":true,"href":"https:\/\/umhsaludable.umh.es\/en\/wp-json\/wp\/v2\/users\/3031"}],"replies":[{"embeddable":true,"href":"https:\/\/umhsaludable.umh.es\/en\/wp-json\/wp\/v2\/comments?post=115"}],"version-history":[{"count":0,"href":"https:\/\/umhsaludable.umh.es\/en\/wp-json\/wp\/v2\/posts\/115\/revisions"}],"wp:attachment":[{"href":"https:\/\/umhsaludable.umh.es\/en\/wp-json\/wp\/v2\/media?parent=115"}],"wp:term":[{"taxonomy":"category","embeddable":true,"href":"https:\/\/umhsaludable.umh.es\/en\/wp-json\/wp\/v2\/categories?post=115"},{"taxonomy":"post_tag","embeddable":true,"href":"https:\/\/umhsaludable.umh.es\/en\/wp-json\/wp\/v2\/tags?post=115"}],"curies":[{"name":"wp","href":"https:\/\/api.w.org\/{rel}","templated":true}]}}