{"id":640,"date":"2015-06-26T06:56:45","date_gmt":"2015-06-26T06:56:45","guid":{"rendered":"http:\/\/umhsaludable.umh.es\/?p=640"},"modified":"2015-06-18T06:58:41","modified_gmt":"2015-06-18T06:58:41","slug":"dia-internacional-de-la-lucha-contra-el-uso-indebido-y-el-trafico-ilicito-de-drogas","status":"publish","type":"post","link":"https:\/\/umhsaludable.umh.es\/en\/2015\/06\/26\/dia-internacional-de-la-lucha-contra-el-uso-indebido-y-el-trafico-ilicito-de-drogas\/","title":{"rendered":"D\u00eda Internacional de la lucha contra el uso indebido y el tr\u00e1fico il\u00edcito de drogas"},"content":{"rendered":"<p class=\"qtranxs-available-languages-message qtranxs-available-languages-message-en\">Sorry, this entry is only available in <a href=\"https:\/\/umhsaludable.umh.es\/es\/wp-json\/wp\/v2\/posts\/640\" class=\"qtranxs-available-language-link qtranxs-available-language-link-es\" title=\"Espa\u00f1ol\">European Spanish<\/a>.<\/p>","protected":false},"excerpt":{"rendered":"<p>Sorry, this entry is only available in European Spanish.<\/p>\n","protected":false},"author":3172,"featured_media":0,"comment_status":"closed","ping_status":"open","sticky":false,"template":"","format":"standard","meta":{"_links_to":"","_links_to_target":""},"categories":[21597,21599],"tags":[36642,3081,42765],"_links":{"self":[{"href":"https:\/\/umhsaludable.umh.es\/en\/wp-json\/wp\/v2\/posts\/640"}],"collection":[{"href":"https:\/\/umhsaludable.umh.es\/en\/wp-json\/wp\/v2\/posts"}],"about":[{"href":"https:\/\/umhsaludable.umh.es\/en\/wp-json\/wp\/v2\/types\/post"}],"author":[{"embeddable":true,"href":"https:\/\/umhsaludable.umh.es\/en\/wp-json\/wp\/v2\/users\/3172"}],"replies":[{"embeddable":true,"href":"https:\/\/umhsaludable.umh.es\/en\/wp-json\/wp\/v2\/comments?post=640"}],"version-history":[{"count":0,"href":"https:\/\/umhsaludable.umh.es\/en\/wp-json\/wp\/v2\/posts\/640\/revisions"}],"wp:attachment":[{"href":"https:\/\/umhsaludable.umh.es\/en\/wp-json\/wp\/v2\/media?parent=640"}],"wp:term":[{"taxonomy":"category","embeddable":true,"href":"https:\/\/umhsaludable.umh.es\/en\/wp-json\/wp\/v2\/categories?post=640"},{"taxonomy":"post_tag","embeddable":true,"href":"https:\/\/umhsaludable.umh.es\/en\/wp-json\/wp\/v2\/tags?post=640"}],"curies":[{"name":"wp","href":"https:\/\/api.w.org\/{rel}","templated":true}]}}